{"id":96,"__str__":"Indica\u00e7\u00e3o n\u00ba 9 de 2016 | Mat\u00e9ria apresentada em Plen\u00e1rio | 22/02/2016","link_detail_backend":"/materia/tramitacao/96","metadata":{},"timestamp":"2018-09-19T14:51:38.763331-03:00","data_tramitacao":"2016-02-22","data_encaminhamento":"2016-02-22","urgente":false,"turno":"U","texto":"Mat\u00e9ria apresentada em plen\u00e1rio e encaminhada para a secretaria legislativa para a\u00e7\u00f5es cab\u00edveis.\r\n","data_fim_prazo":null,"ip":"","ultima_edicao":null,"status":28,"materia":22,"unidade_tramitacao_local":6,"unidade_tramitacao_destino":7,"user":null}