{"id":5790,"__str__":"Veto Total n\u00ba 3 de 2020 | Inclusa na Ordem do Dia para discuss\u00e3o e vota\u00e7\u00e3o | 07/08/2020","link_detail_backend":"/materia/tramitacao/5790","metadata":{},"timestamp":"2020-08-07T15:58:37.289786-03:00","data_tramitacao":"2020-08-07","data_encaminhamento":null,"urgente":false,"turno":"","texto":"MAT\u00c9RIA INCLUSA PARA LEITURA, DISCUSS\u00c3O E VOTA\u00c7\u00c3O NA ORDEM DO DIA DA 11\u00aa SESS\u00c3O ORDIN\u00c1RIA DA 4\u00aa SESS\u00c3O LEGISLATIVA DA 16\u00aa LEGISLATURA.","data_fim_prazo":null,"ip":"186.224.114.125","ultima_edicao":"2020-08-07T15:58:25.183733-03:00","status":3,"materia":1427,"unidade_tramitacao_local":7,"unidade_tramitacao_destino":6,"user":33}