{"id":933,"__str__":"Mo\u00e7\u00e3o n\u00ba 12 de 2019","link_detail_backend":"/materia/933","metadata":{},"numero":12,"ano":2019,"numero_protocolo":83,"data_apresentacao":"2019-03-25","tipo_apresentacao":"","data_publicacao":null,"numero_origem_externa":"","ano_origem_externa":null,"data_origem_externa":null,"apelido":"","dias_prazo":null,"data_fim_prazo":null,"em_tramitacao":false,"polemica":null,"objeto":"","complementar":null,"ementa":"Os vereadores que esta subscrevem v\u00eam, respeitosamente, na forma regimental e depois de ouvido o E. Plen\u00e1rio desta Casa, REQUERER seja consignada na ata dos trabalhos desta Sess\u00e3o Ordin\u00e1ria uma Mo\u00e7\u00e3o de Sentido Pesar pelo falecimento do Saudoso Greg\u00f3rio Vitoriano da Concei\u00e7\u00e3o, Esposo da Senhora Luciana Ferreira dos Santos Concei\u00e7\u00e3o, Pai dos filhos Cl\u00e1udio dos Santos Concei\u00e7\u00e3o, Wagner dos Santos da Concei\u00e7\u00e3o e Rodrigo dos Santos da Concei\u00e7\u00e3o.","indexacao":"","observacao":"","resultado":"","texto_original":"http://sapl.barrinha.sp.leg.br/media/sapl/public/materialegislativa/2019/933/moc_012-2019_YDHaoes.pdf","data_ultima_atualizacao":"2019-03-26T13:59:49.150625-03:00","ip":"","ultima_edicao":null,"tipo":7,"regime_tramitacao":1,"tipo_origem_externa":null,"local_origem_externa":null,"user":null,"anexadas":[],"autores":[20,17]}