{"id":846,"__str__":"Indica\u00e7\u00e3o n\u00ba 5 de 2019","link_detail_backend":"/materia/846","metadata":{},"numero":5,"ano":2019,"numero_protocolo":5,"data_apresentacao":"2019-02-11","tipo_apresentacao":"","data_publicacao":null,"numero_origem_externa":"","ano_origem_externa":null,"data_origem_externa":null,"apelido":"","dias_prazo":null,"data_fim_prazo":null,"em_tramitacao":false,"polemica":null,"objeto":"","complementar":null,"ementa":"Se faz cada vez mais necess\u00e1rio a implanta\u00e7\u00e3o de cal\u00e7adas adaptadas para cadeirantes e outros, visando a inclus\u00e3o social mesmo nos mais variados \u00e2mbitos. Com o aumento da independ\u00eancia desses mun\u00edcipes entendemos ser indispens\u00e1vel a implanta\u00e7\u00e3o das mesmas.","indexacao":"","observacao":"","resultado":"","texto_original":"http://sapl.barrinha.sp.leg.br/media/sapl/public/materialegislativa/2019/846/ind_005-2019.pdf","data_ultima_atualizacao":"2019-03-23T11:20:40.316117-03:00","ip":"","ultima_edicao":null,"tipo":8,"regime_tramitacao":1,"tipo_origem_externa":null,"local_origem_externa":null,"user":null,"anexadas":[],"autores":[15]}