{"id":433,"__str__":"Indica\u00e7\u00e3o n\u00ba 53 de 2017","link_detail_backend":"/materia/433","metadata":{},"numero":53,"ano":2017,"numero_protocolo":null,"data_apresentacao":"2017-04-20","tipo_apresentacao":"E","data_publicacao":null,"numero_origem_externa":"","ano_origem_externa":null,"data_origem_externa":null,"apelido":"","dias_prazo":null,"data_fim_prazo":null,"em_tramitacao":false,"polemica":null,"objeto":"","complementar":null,"ementa":"INDICA AO CHEFE DO EXECUTIVO MUNICIPAL QUE PROVID\u00caNCIAS SEJAM TOMADAS OBJETIVANDO RESTAURAR A ILUMINA\u00c7\u00c3O DA PRA\u00c7A, NA RUA JOS\u00c9 GERALDO CONSTANTINO, VILA JOS\u00c9.","indexacao":"ILUMINA\u00c7\u00c3O; PRA\u00c7A; RESTAURA\u00c7\u00c3O; VILA S\u00c3O JOS\u00c9","observacao":"","resultado":"","texto_original":"http://sapl.barrinha.sp.leg.br/media/sapl/public/materialegislativa/2017/433/433_texto_integral.pdf","data_ultima_atualizacao":"2018-06-14T19:16:39.948158-03:00","ip":"","ultima_edicao":null,"tipo":8,"regime_tramitacao":1,"tipo_origem_externa":null,"local_origem_externa":null,"user":null,"anexadas":[],"autores":[22,15]}