{"id":396,"__str__":"Indica\u00e7\u00e3o n\u00ba 33 de 2017","link_detail_backend":"/materia/396","metadata":{},"numero":33,"ano":2017,"numero_protocolo":null,"data_apresentacao":"2017-03-27","tipo_apresentacao":"E","data_publicacao":null,"numero_origem_externa":"","ano_origem_externa":null,"data_origem_externa":null,"apelido":"","dias_prazo":null,"data_fim_prazo":null,"em_tramitacao":false,"polemica":null,"objeto":"","complementar":null,"ementa":"VEREADOR QUE ESTA SUBSCREVE VEM, RESPEITOSAMENTE, NA FORMA REGIMENTAL E DEPOIS DE OUVIDO O E. PLEN\u00c1RIO DESTA CASA, INDICAR AO CHEFE DO EXECUTIVO MUNICIPAL QUE PROVID\u00caNCIAS SEJAM TOMADAS PELO SETOR COMPETENTE DA PREFEITURA NO SENTIDO DE ACIONAR A CPFL, OBJETIVANDO A TROCA DE L\u00c2MPADAS QUEIMADAS E MELHORIAS NA ILUMINA\u00c7\u00c3O P\u00daBLICA DA AVENIDA DOS ANDRADAS,EM TODA EXTENS\u00c3O.","indexacao":"SOLICITA; INDICA; CPFL; TROCA L\u00c2MPADA; ILUMINA\u00c7\u00c3O P\u00daBLICA; AVENIDA DOS ANDRADAS","observacao":"","resultado":"","texto_original":"http://sapl.barrinha.sp.leg.br/media/sapl/public/materialegislativa/2017/396/396_texto_integral.xml","data_ultima_atualizacao":"2018-06-14T19:16:38.691809-03:00","ip":"","ultima_edicao":null,"tipo":8,"regime_tramitacao":1,"tipo_origem_externa":null,"local_origem_externa":null,"user":null,"anexadas":[],"autores":[15]}