{"id":3485,"__str__":"Indica\u00e7\u00e3o n\u00ba 91 de 2025","link_detail_backend":"/materia/3485","metadata":{},"numero":91,"ano":2025,"numero_protocolo":112,"data_apresentacao":"2025-03-07","tipo_apresentacao":"","data_publicacao":null,"numero_origem_externa":"","ano_origem_externa":null,"data_origem_externa":null,"apelido":"","dias_prazo":null,"data_fim_prazo":null,"em_tramitacao":true,"polemica":false,"objeto":"","complementar":false,"ementa":"Indica ao Chefe do Executivo Municipal a realiza\u00e7\u00e3o de parceria com a Universidade de Ribeir\u00e3o Preto (UNAERP) para a implanta\u00e7\u00e3o do Projeto de Extens\u00e3o na \u00e1rea da Sa\u00fade no munic\u00edpio de Barrinha, visando ampliar o atendimento m\u00e9dico, fortalecer a educa\u00e7\u00e3o em sa\u00fade e suprir demandas espec\u00edficas, como pediatria e aten\u00e7\u00e3o prim\u00e1ria.","indexacao":"","observacao":"","resultado":"","texto_original":"http://sapl.barrinha.sp.leg.br/media/sapl/public/materialegislativa/2025/3485/indicacao_91.pdf","data_ultima_atualizacao":"2025-03-11T09:38:53.160824-03:00","ip":"186.232.87.18","ultima_edicao":"2025-03-07T13:37:17.436023-03:00","tipo":8,"regime_tramitacao":1,"tipo_origem_externa":null,"local_origem_externa":null,"user":30,"anexadas":[],"autores":[41,42]}