{"id":2992,"__str__":"Mo\u00e7\u00e3o n\u00ba 17 de 2023","link_detail_backend":"/materia/2992","metadata":{},"numero":17,"ano":2023,"numero_protocolo":null,"data_apresentacao":"2023-10-20","tipo_apresentacao":"","data_publicacao":null,"numero_origem_externa":"","ano_origem_externa":null,"data_origem_externa":null,"apelido":"","dias_prazo":null,"data_fim_prazo":null,"em_tramitacao":false,"polemica":false,"objeto":"","complementar":false,"ementa":"Mo\u00e7\u00e3o de Apoio para o Deputado Federal Marcelo Crivella, referente a PEC 05/2023, que prev\u00ea a isen\u00e7\u00e3o de Impostos na  constru\u00e7\u00e3o e reforma de templos religiosos e para obras de presta\u00e7\u00e3o  de servi\u00e7os, como a constru\u00e7\u00e3o de creches, asilos ou comunidades terap\u00eauticas.","indexacao":"","observacao":"","resultado":"","texto_original":"http://sapl.barrinha.sp.leg.br/media/sapl/public/materialegislativa/2023/2992/mocao_17-2023.pdf","data_ultima_atualizacao":"2023-10-25T11:25:49.588985-03:00","ip":"168.227.35.62","ultima_edicao":"2023-10-20T13:46:58.205011-03:00","tipo":7,"regime_tramitacao":1,"tipo_origem_externa":null,"local_origem_externa":null,"user":33,"anexadas":[],"autores":[8]}