{"id":2972,"__str__":"Requerimento n\u00ba 28 de 2023","link_detail_backend":"/materia/2972","metadata":{},"numero":28,"ano":2023,"numero_protocolo":229,"data_apresentacao":"2023-09-22","tipo_apresentacao":"","data_publicacao":null,"numero_origem_externa":"","ano_origem_externa":null,"data_origem_externa":null,"apelido":"","dias_prazo":null,"data_fim_prazo":null,"em_tramitacao":false,"polemica":false,"objeto":"","complementar":false,"ementa":"Requer ao poder Executivo Municipal informa\u00e7\u00f5es e esclarecimentos sobre a data prevista para pagamento da parcela denominada Incentivo Financeiro AdicionaI \u2013 IFA, repassado anualmente pelo Minist\u00e9rio da Sa\u00fade aos agentes comunit\u00e1rios de sa\u00fade e agentes de combate \u00e0s endemias do Munic\u00edpio de Barrinha - SP.","indexacao":"","observacao":"","resultado":"","texto_original":"http://sapl.barrinha.sp.leg.br/media/sapl/public/materialegislativa/2023/2972/requerimento-28-2023-cmb.pdf","data_ultima_atualizacao":"2024-07-30T13:53:39.393762-03:00","ip":"45.161.242.60","ultima_edicao":"2023-09-22T13:56:53.369356-03:00","tipo":3,"regime_tramitacao":1,"tipo_origem_externa":null,"local_origem_externa":null,"user":33,"anexadas":[],"autores":[18,23,31]}