{"id":2794,"__str__":"Projeto de Lei n\u00ba 29 de 2023","link_detail_backend":"/materia/2794","metadata":{},"numero":29,"ano":2023,"numero_protocolo":null,"data_apresentacao":"2023-04-06","tipo_apresentacao":"E","data_publicacao":null,"numero_origem_externa":"","ano_origem_externa":null,"data_origem_externa":null,"apelido":"","dias_prazo":null,"data_fim_prazo":null,"em_tramitacao":false,"polemica":false,"objeto":"","complementar":false,"ementa":"Disp\u00f5e sobre a cria\u00e7\u00e3o de Programa Assistencial denominado FRENTE POPULAR DE TRABALHO e d\u00e1 outras provid\u00eancias.","indexacao":"","observacao":"","resultado":"","texto_original":"http://sapl.barrinha.sp.leg.br/media/sapl/public/materialegislativa/2023/2794/pl_29-2023.pdf","data_ultima_atualizacao":"2023-05-11T15:07:24.815471-03:00","ip":"186.232.84.250","ultima_edicao":"2023-04-06T11:37:44.308708-03:00","tipo":11,"regime_tramitacao":1,"tipo_origem_externa":null,"local_origem_externa":null,"user":35,"anexadas":[2805,2806],"autores":[13]}